{"id":258,"date":"2024-07-07T13:27:19","date_gmt":"2024-07-07T11:27:19","guid":{"rendered":"https:\/\/aspttrouen-athletisme.fr\/?p=258"},"modified":"2024-07-07T13:27:19","modified_gmt":"2024-07-07T11:27:19","slug":"retour-sur-les-france-elite-des-28-30-juin-2024","status":"publish","type":"post","link":"https:\/\/aspttrouen-athletisme.fr\/index.php\/2024\/07\/07\/retour-sur-les-france-elite-des-28-30-juin-2024\/","title":{"rendered":"Retour sur les France \u00e9lite des 28-30 juin 2024"},"content":{"rendered":"\n<p>Alice Seguin \u00e9tait une nouvelle fois qualifi\u00e9e pour les championnats de France \u00e9lite en plein air le week-end dernier, sur le 1500m.<\/p>\n\n\n\n<p>Rappelons que lors de la saison hivernale elle faisait vice championne des France espoirs en salle sur 1500m et prenait la 7\u00e8me place de la finale \u00c9lite en salle, toujours sur 1500m<\/p>\n\n\n\n<p>Donc le week-end dernier, Alice terminait 3\u00e8me de la deuxi\u00e8me s\u00e9rie du samedi, en 4&rsquo;20&Prime;82 et se qualifiait pour la finale le dimanche.<\/p>\n\n\n\n<p>Elle r\u00e9alisait en finale 4&rsquo;22&Prime;43 pour prendre la 11\u00e8me place de la course, bravo \u00e0 elle !<\/p>\n","protected":false},"excerpt":{"rendered":"<p>Alice Seguin \u00e9tait une nouvelle fois qualifi\u00e9e pour les championnats de France \u00e9lite en plein air le week-end dernier, sur le 1500m. Rappelons que lors de la saison hivernale elle&#8230;<\/p>\n","protected":false},"author":1,"featured_media":257,"comment_status":"open","ping_status":"open","sticky":false,"template":"","format":"standard","meta":{"footnotes":""},"categories":[1],"tags":[],"post_folder":[],"class_list":["post-258","post","type-post","status-publish","format-standard","has-post-thumbnail","hentry","category-non-classe"],"_links":{"self":[{"href":"https:\/\/aspttrouen-athletisme.fr\/index.php\/wp-json\/wp\/v2\/posts\/258","targetHints":{"allow":["GET"]}}],"collection":[{"href":"https:\/\/aspttrouen-athletisme.fr\/index.php\/wp-json\/wp\/v2\/posts"}],"about":[{"href":"https:\/\/aspttrouen-athletisme.fr\/index.php\/wp-json\/wp\/v2\/types\/post"}],"author":[{"embeddable":true,"href":"https:\/\/aspttrouen-athletisme.fr\/index.php\/wp-json\/wp\/v2\/users\/1"}],"replies":[{"embeddable":true,"href":"https:\/\/aspttrouen-athletisme.fr\/index.php\/wp-json\/wp\/v2\/comments?post=258"}],"version-history":[{"count":1,"href":"https:\/\/aspttrouen-athletisme.fr\/index.php\/wp-json\/wp\/v2\/posts\/258\/revisions"}],"predecessor-version":[{"id":259,"href":"https:\/\/aspttrouen-athletisme.fr\/index.php\/wp-json\/wp\/v2\/posts\/258\/revisions\/259"}],"wp:featuredmedia":[{"embeddable":true,"href":"https:\/\/aspttrouen-athletisme.fr\/index.php\/wp-json\/wp\/v2\/media\/257"}],"wp:attachment":[{"href":"https:\/\/aspttrouen-athletisme.fr\/index.php\/wp-json\/wp\/v2\/media?parent=258"}],"wp:term":[{"taxonomy":"category","embeddable":true,"href":"https:\/\/aspttrouen-athletisme.fr\/index.php\/wp-json\/wp\/v2\/categories?post=258"},{"taxonomy":"post_tag","embeddable":true,"href":"https:\/\/aspttrouen-athletisme.fr\/index.php\/wp-json\/wp\/v2\/tags?post=258"},{"taxonomy":"post_folder","embeddable":true,"href":"https:\/\/aspttrouen-athletisme.fr\/index.php\/wp-json\/wp\/v2\/post_folder?post=258"}],"curies":[{"name":"wp","href":"https:\/\/api.w.org\/{rel}","templated":true}]}}