{"id":684,"date":"2025-03-01T13:28:57","date_gmt":"2025-03-01T12:28:57","guid":{"rendered":"https:\/\/aspttrouen-athletisme.fr\/?p=684"},"modified":"2025-06-14T20:59:19","modified_gmt":"2025-06-14T18:59:19","slug":"bilan-du-mois-de-fevrier-de-belles-performances-en-championnats","status":"publish","type":"post","link":"https:\/\/aspttrouen-athletisme.fr\/index.php\/2025\/03\/01\/bilan-du-mois-de-fevrier-de-belles-performances-en-championnats\/","title":{"rendered":"Bilan du mois de f\u00e9vrier : De Belles Performances en Championnats !"},"content":{"rendered":"\n<p>Alors que le mois touche \u00e0 sa fin, il est temps de faire le point sur les comp\u00e9titions et les performances qui ont marqu\u00e9 cette p\u00e9riode&nbsp;<\/p>\n\n\n\n<h1 class=\"wp-block-heading\">Week-end du 8-9 f\u00e9vrier 2025<\/h1>\n\n\n\n<h2 class=\"wp-block-heading\">Championnats de France Espoirs et Nationaux \u00e0 Nantes<\/h2>\n\n\n\n<p><strong>Julia PARMENTIER<\/strong> a brill\u00e9 sur 800m en r\u00e9alisant 2&rsquo;17\u00a0\u00bb23 en s\u00e9rie et 2&rsquo;15\u00a0\u00bb30 en finale, signant son record personnel.<\/p>\n\n\n\n<p><strong>Axelle JACQUES<\/strong> a parcouru le 1500m en 4&rsquo;37\u00a0\u00bb84.<\/p>\n\n\n\n<h2 class=\"wp-block-heading\">1\/2 Finale des Championnats de France de Cross \u00e0 Combourg&nbsp;:<\/h2>\n\n\n\n<h4 class=\"wp-block-heading\">Minimes F\u00e9minines (3860m) :<\/h4>\n\n\n\n<p><strong>Louane EMERAUD<\/strong> termine 21e en 15&rsquo;46\u00a0\u00bb et Rose FORCADEL 29e en 16&rsquo;04\u00a0\u00bb.<\/p>\n\n\n\n<p>Minimes Masculins (4045m) :<\/p>\n\n\n\n<p><strong>Marius COUP<\/strong> finit 55e en 16&rsquo;09\u00a0\u00bb et <strong>Nato PAPARIS<\/strong> 83e en 16&rsquo;49\u00a0\u00bb.<\/p>\n\n\n\n<p>Cadettes (3860m) :<\/p>\n\n\n\n<p><strong>9e par \u00e9quipe<\/strong> avec 327 points, avec <strong>Lisa BRUGOT<\/strong> 36e (16&rsquo;44\u00a0\u00bb), <strong>Romane DELAMARE<\/strong> 61e (17&rsquo;29\u00a0\u00bb), <strong>Laila BELLOUARD<\/strong> 102e (18&rsquo;29\u00a0\u00bb), et <strong>Eloise PUY<\/strong> 128e (19&rsquo;12\u00a0\u00bb).<\/p>\n\n\n\n<p>Cadets (5525m) :<\/p>\n\n\n\n<p><strong>2e place par \u00e9quipe<\/strong> avec 119 points ! <strong>Thomas LEVASSEUR<\/strong> 4e (19&rsquo;12\u00a0\u00bb), <strong>Basile DOLEY<\/strong> 8e (19&rsquo;21\u00a0\u00bb), <strong>Louis MILCENT<\/strong> 39e (20&rsquo;28\u00a0\u00bb), <strong>Aaron GOUVERNET<\/strong> 68e (21&rsquo;06\u00a0\u00bb), et <strong>Joseph LE FOLL<\/strong> 125e (22&rsquo;26\u00a0\u00bb).<\/p>\n\n\n\n<p>Junior F\u00e9minines (4925m) :<\/p>\n\n\n\n<p><strong>Clara BAILLEUL<\/strong> termine 64e en 24&rsquo;14\u00a0\u00bb.<\/p>\n\n\n\n<p>Cross Court F\u00e9minin (4325m) :<\/p>\n\n\n\n<p><strong>Elisa GROUT<\/strong> finit 7e en 17&rsquo;05\u00a0\u00bb, <strong>Claire LEWCZUK<\/strong> 27e (17&rsquo;47\u00a0\u00bb), et <strong>Lohanne DAGORN<\/strong> 112e (21&rsquo;25\u00a0\u00bb).<\/p>\n\n\n\n<h4 class=\"wp-block-heading\">Cross Court Masculin (4325m) :<\/h4>\n\n\n\n<p><strong>22e par \u00e9quipe<\/strong> avec 492 points, <strong>Simon TREHOUT<\/strong> termine 104e (15&rsquo;35\u00a0\u00bb), <strong>Marceau BENTOLILA<\/strong> 117e (15&rsquo;54\u00a0\u00bb), <strong>Nathan BELLO<\/strong> 127e (16&rsquo;02\u00a0\u00bb),<strong> Antoine BEAUSSIRE<\/strong> 144e (16&rsquo;28\u00a0\u00bb), <strong>Romain FORESTIER<\/strong> 158e (16&rsquo;47\u00a0\u00bb), <strong>Victor BALIGOUT<\/strong> 173e (17&rsquo;22\u00a0\u00bb), et <strong>Hugo HOUAS<\/strong> 174e (17&rsquo;35\u00a0\u00bb).<\/p>\n\n\n\n<p>Cross Long F\u00e9minin (8160m) :<\/p>\n\n\n\n<p><strong>9e place par \u00e9quipe<\/strong> avec 264 points. <strong>Jeanne REIX-CHARAT<\/strong> termine 9e (31&rsquo;22\u00a0\u00bb), <strong>Laureen MASURIER<\/strong> 68e (34&rsquo;46\u00a0\u00bb), <strong>Caroline MAZE-COLBOC<\/strong> 71e (34&rsquo;55\u00a0\u00bb), <strong>Christelle LEGRAND<\/strong> 116e (36&rsquo;30\u00a0\u00bb), <strong>Marion HEBERT<\/strong> 195e (40&rsquo;49\u00a0\u00bb), et <strong>Elise VION<\/strong> 216e (42&rsquo;46\u00a0\u00bb).<\/p>\n\n\n\n<h4 class=\"wp-block-heading\">Cross Long Masculin (9825m) :<\/h4>\n\n\n\n<p><strong>11e par \u00e9quipe<\/strong> avec 261 points<strong>. Edouard MORIN-LUZUY<\/strong> finit 3e (31&rsquo;27\u00a0\u00bb), <strong>Adelin GRENIER<\/strong> 33e (33&rsquo;19\u00a0\u00bb), <strong>Thomas VION<\/strong> 98e (34&rsquo;34\u00a0\u00bb), <strong>Emilien DUCHENE<\/strong> 127e (35&rsquo;21\u00a0\u00bb), <strong>Gr\u00e9goire SALMON<\/strong> 182e (36&rsquo;25\u00a0\u00bb), <strong>Mathieu LEBRETON<\/strong> 204e (36&rsquo;54\u00a0\u00bb), <strong>Nathan LEMONNIER<\/strong> 251e (39&rsquo;03\u00a0\u00bb), et <strong>Theotime RIVARD-GRENET<\/strong> 254e (39&rsquo;23\u00a0\u00bb).<\/p>\n\n\n\n<h4 class=\"wp-block-heading\">Masters Masculins :<\/h4>\n\n\n\n<p><strong>36e par \u00e9quipe<\/strong> avec 896 points. <strong>Nicolas TERRIER<\/strong> termine 186e (39&rsquo;36\u00a0\u00bb), <strong>Jer\u00f4me BARRIBAULT<\/strong> 175e (39&rsquo;23\u00a0\u00bb), <strong>Nicolas PAPARIS<\/strong> 267e (44&rsquo;30\u00a0\u00bb), et <strong>Arnaud BALIGOUT<\/strong> 268e (45&rsquo;24\u00a0\u00bb).<\/p>\n\n\n\n<h1 class=\"wp-block-heading\">Week-end du 15-16 f\u00e9vrier 2025<\/h1>\n\n\n\n<h2 class=\"wp-block-heading\">Championnats de France Cadets et Juniors \u00e0 Li\u00e9vin<\/h2>\n\n\n\n<p><strong>Owen VERSET<\/strong> r\u00e9alise une belle performance \u00e0 la perche avec 4m67.<\/p>\n\n\n\n<p><strong>Paul LEJEUNE<\/strong> qualifi\u00e9 pour le 60m haies mais malheureusement disqualifi\u00e9 a cause d\u2019un faux d\u00e9part.<\/p>\n\n\n\n<h2 class=\"wp-block-heading\">R\u00e9gionaux d&rsquo;\u00e9preuves combin\u00e9es benjamins et minimes \u00e0 Val-de-Reuil<\/h2>\n\n\n\n<p><strong>Garance CAMPION<\/strong> : 87 points au triathlon et 2062 points au pentathlon (17e).<\/p>\n\n\n\n<p><strong>Sasha DUHAMEL-KERNIVINEN<\/strong> : 105 points au triathlon et 2573 points au pentathlon (5e).<\/p>\n\n\n\n<p><strong>Ambroise CAMPION<\/strong> : 95 points au triathlon et 1151 points au t\u00e9tra perche (1er).<\/p>\n\n\n\n<h1 class=\"wp-block-heading\">Week-end du 22-23 f\u00e9vrier 2025<\/h1>\n\n\n\n<h2 class=\"wp-block-heading\">Championnats de France Elite \u00e0 Miramas<\/h2>\n\n\n\n<p><strong>Axelle JACQUES<\/strong> signe une performance impressionnante sur 1500m en 4&rsquo;27\u00a0\u00bb37, battant son ancien record de 10 secondes !<\/p>\n\n\n\n<h2 class=\"wp-block-heading\">R\u00e9gionaux minimes \u00e0 Val-de-Reuil<\/h2>\n\n\n\n<p><strong>Anna BOULMAIZ<\/strong> : 1000m en 3&rsquo;38\u00a0\u00bb22, 50m en 7\u00a0\u00bb83.<\/p>\n\n\n\n<p><strong>Maryam DANDRE<\/strong> : Triathlon, 74 points.<\/p>\n\n\n\n<p><strong>Pierre BELLOUARD<\/strong> : Triathlon, 75 points.<\/p>\n\n\n\n<p><strong>Camille BRAGANCE<\/strong> : 1000m en 3&rsquo;27\u00a0\u00bb46, 50m en 7\u00a0\u00bb44, 50m haies en 9\u00a0\u00bb03.<\/p>\n\n\n\n<p><strong>Sasha DUHAMEL-KERNIVINEN<\/strong> : Triathlon, 107 points, 50m haies en 7\u00a0\u00bb39 (2e place).<\/p>\n\n\n\n<p><strong>Jules LAUREYNS<\/strong> : Triathlon, 87 points.<\/p>\n\n\n\n<p><strong>Simon LEGER-BINDIA<\/strong> : Triathlon, 74 points.<\/p>\n\n\n\n<h2 class=\"wp-block-heading\">Les 30 bornes de Saint-Paer<\/h2>\n\n\n\n<p>30 bornes individuels :<\/p>\n\n\n\n<p><strong>Nicolas DUBOST<\/strong> termine 3e en 1h46&rsquo;36, <strong>Selina LEROY<\/strong> 13e (1h55&rsquo;01), <strong>Malory LEROY<\/strong> 24e (2h02&rsquo;36), <strong>Jennifer SABRE-ANNE<\/strong> 223e (2h53&rsquo;58), <strong>Arnaud HEMERY<\/strong> 57e (2h14&rsquo;45).<\/p>\n\n\n\n<p>Marche 11,5 km :<\/p>\n\n\n\n<p>&nbsp;<strong>Marie-Pierre DOUTRIAUX<\/strong> finit 27e en 1h28&rsquo;45.<\/p>\n\n\n\n<h2 class=\"wp-block-heading\">R\u00e9gionaux Masters<\/h2>\n\n\n\n<p><strong>Elisa AMANA<\/strong> : 200m en 28\u00a0\u00bb31, 60m en 8\u00a0\u00bb47.<\/p>\n\n\n\n<p><strong>Pascal LECOMPTE<\/strong> : 3000m en 10&rsquo;08\u00a0\u00bb37.<\/p>\n\n\n\n<p><strong>Jean-Claude PLAUT<\/strong> : 800m en 2&rsquo;46\u00a0\u00bb88.<\/p>\n\n\n\n<p><strong>F\u00e9licitations \u00e0 tous nos athl\u00e8tes pour ces performances remarquables et rendez-vous en mars pour de nouveaux exploits !<\/strong><\/p>\n","protected":false},"excerpt":{"rendered":"<p>Alors que le mois touche \u00e0 sa fin, il est temps de faire le point sur les comp\u00e9titions et les performances qui ont marqu\u00e9 cette p\u00e9riode&nbsp; Week-end du 8-9 f\u00e9vrier&#8230;<\/p>\n","protected":false},"author":1,"featured_media":686,"comment_status":"closed","ping_status":"open","sticky":false,"template":"","format":"standard","meta":{"footnotes":""},"categories":[7],"tags":[],"post_folder":[],"class_list":["post-684","post","type-post","status-publish","format-standard","has-post-thumbnail","hentry","category-articles"],"_links":{"self":[{"href":"https:\/\/aspttrouen-athletisme.fr\/index.php\/wp-json\/wp\/v2\/posts\/684","targetHints":{"allow":["GET"]}}],"collection":[{"href":"https:\/\/aspttrouen-athletisme.fr\/index.php\/wp-json\/wp\/v2\/posts"}],"about":[{"href":"https:\/\/aspttrouen-athletisme.fr\/index.php\/wp-json\/wp\/v2\/types\/post"}],"author":[{"embeddable":true,"href":"https:\/\/aspttrouen-athletisme.fr\/index.php\/wp-json\/wp\/v2\/users\/1"}],"replies":[{"embeddable":true,"href":"https:\/\/aspttrouen-athletisme.fr\/index.php\/wp-json\/wp\/v2\/comments?post=684"}],"version-history":[{"count":1,"href":"https:\/\/aspttrouen-athletisme.fr\/index.php\/wp-json\/wp\/v2\/posts\/684\/revisions"}],"predecessor-version":[{"id":685,"href":"https:\/\/aspttrouen-athletisme.fr\/index.php\/wp-json\/wp\/v2\/posts\/684\/revisions\/685"}],"wp:featuredmedia":[{"embeddable":true,"href":"https:\/\/aspttrouen-athletisme.fr\/index.php\/wp-json\/wp\/v2\/media\/686"}],"wp:attachment":[{"href":"https:\/\/aspttrouen-athletisme.fr\/index.php\/wp-json\/wp\/v2\/media?parent=684"}],"wp:term":[{"taxonomy":"category","embeddable":true,"href":"https:\/\/aspttrouen-athletisme.fr\/index.php\/wp-json\/wp\/v2\/categories?post=684"},{"taxonomy":"post_tag","embeddable":true,"href":"https:\/\/aspttrouen-athletisme.fr\/index.php\/wp-json\/wp\/v2\/tags?post=684"},{"taxonomy":"post_folder","embeddable":true,"href":"https:\/\/aspttrouen-athletisme.fr\/index.php\/wp-json\/wp\/v2\/post_folder?post=684"}],"curies":[{"name":"wp","href":"https:\/\/api.w.org\/{rel}","templated":true}]}}